{"id":241,"date":"2025-01-22T23:18:35","date_gmt":"2025-01-22T23:18:35","guid":{"rendered":"https:\/\/www.edigilit.eu\/educodeproject\/?p=241"},"modified":"2025-01-22T23:18:36","modified_gmt":"2025-01-22T23:18:36","slug":"yayinlar","status":"publish","type":"post","link":"https:\/\/www.edigilit.eu\/educodeproject\/tr\/uncategorized-tr\/yayinlar\/","title":{"rendered":"Yay\u0131nlar\u00a0"},"content":{"rendered":"\n<p><strong> E<\/strong>1 &#8211; EDTECH Konferans\u0131 2018<\/p>\n\n\n\n<p>1 May\u0131s 2018\u2019de \u0130RLANDA\u2019da EDTECH Konferans\u0131nda \u201c\u0130htiya\u00e7 Analizi Sonu\u00e7lar\u0131&#8221; sunulmu\u015ftur. (Http:\/\/programme.exordo.com\/edtech2018\/).\u00a0<\/p>\n\n\n\n<p>Sunum: Do\u00e7. Dr. Igor Pesek<\/p>\n\n\n\n<figure class=\"wp-block-image size-full\"><img loading=\"lazy\" decoding=\"async\" width=\"945\" height=\"710\" src=\"https:\/\/www.edigilit.eu\/educodeproject\/wp-content\/uploads\/2025\/01\/image-25.png\" alt=\"\" class=\"wp-image-220\" srcset=\"https:\/\/www.edigilit.eu\/educodeproject\/wp-content\/uploads\/2025\/01\/image-25.png 945w, https:\/\/www.edigilit.eu\/educodeproject\/wp-content\/uploads\/2025\/01\/image-25-300x225.png 300w, https:\/\/www.edigilit.eu\/educodeproject\/wp-content\/uploads\/2025\/01\/image-25-768x577.png 768w\" sizes=\"auto, (max-width: 945px) 100vw, 945px\" \/><\/figure>\n\n\n\n<p>2 &#8211; Uluslararas\u0131 Bilim ve E\u011fitim Kongresi<\/p>\n\n\n\n<p>23-25 Mart 2018 tarihinde Uluslararas\u0131 Bilim ve E\u011fitim Kongresinde \u201cTemel D\u00fczeyden \u0130leri D\u00fczeye Proje Haz\u0131rlama S\u00fcreci\u201d konulu\u00a0\u00e7al\u0131\u015ftay ger\u00e7ekle\u015ftiren Prof.Dr. Ercan AKPINAR, EDUCODE projesi hakk\u0131nda ortalama 45 kat\u0131l\u0131mc\u0131ya bilgi vermi\u015ftir.<\/p>\n\n\n\n<p>Sunum: Prof. Dr. Ercan Akp\u0131nar<\/p>\n\n\n\n<figure class=\"wp-block-image size-full\"><img loading=\"lazy\" decoding=\"async\" width=\"945\" height=\"322\" src=\"https:\/\/www.edigilit.eu\/educodeproject\/wp-content\/uploads\/2025\/01\/image-26.png\" alt=\"\" class=\"wp-image-221\" srcset=\"https:\/\/www.edigilit.eu\/educodeproject\/wp-content\/uploads\/2025\/01\/image-26.png 945w, https:\/\/www.edigilit.eu\/educodeproject\/wp-content\/uploads\/2025\/01\/image-26-300x102.png 300w, https:\/\/www.edigilit.eu\/educodeproject\/wp-content\/uploads\/2025\/01\/image-26-768x262.png 768w\" sizes=\"auto, (max-width: 945px) 100vw, 945px\" \/><\/figure>\n\n\n\n<p>3 &#8211; Buca E\u011fitim Fak\u00fcltesi Akademik Kurulu (2018 &amp; 2019)<\/p>\n\n\n\n<p>Buca E\u011fitim Fak\u00fcltesi\u2019nin 11 Haziran 2018 ve 28 Haziran 2019 tarihlerinde ger\u00e7ekle\u015ftirilen akademik kurul toplant\u0131lar\u0131nda Prof.Dr. Ercan AKPINAR EDUCODE Projesi hakk\u0131nda bilgi vermi\u015ftir.<\/p>\n\n\n\n<p>Sunum: Prof. Dr. Ercan Akp\u0131nar<\/p>\n\n\n\n<figure class=\"wp-block-image size-full\"><img loading=\"lazy\" decoding=\"async\" width=\"945\" height=\"532\" src=\"https:\/\/www.edigilit.eu\/educodeproject\/wp-content\/uploads\/2025\/01\/image-27.png\" alt=\"\" class=\"wp-image-222\" srcset=\"https:\/\/www.edigilit.eu\/educodeproject\/wp-content\/uploads\/2025\/01\/image-27.png 945w, https:\/\/www.edigilit.eu\/educodeproject\/wp-content\/uploads\/2025\/01\/image-27-300x169.png 300w, https:\/\/www.edigilit.eu\/educodeproject\/wp-content\/uploads\/2025\/01\/image-27-768x432.png 768w\" sizes=\"auto, (max-width: 945px) 100vw, 945px\" \/><\/figure>\n\n\n\n<figure class=\"wp-block-image size-full\"><img loading=\"lazy\" decoding=\"async\" width=\"945\" height=\"532\" src=\"https:\/\/www.edigilit.eu\/educodeproject\/wp-content\/uploads\/2025\/01\/image-28.png\" alt=\"\" class=\"wp-image-223\" srcset=\"https:\/\/www.edigilit.eu\/educodeproject\/wp-content\/uploads\/2025\/01\/image-28.png 945w, https:\/\/www.edigilit.eu\/educodeproject\/wp-content\/uploads\/2025\/01\/image-28-300x169.png 300w, https:\/\/www.edigilit.eu\/educodeproject\/wp-content\/uploads\/2025\/01\/image-28-768x432.png 768w\" sizes=\"auto, (max-width: 945px) 100vw, 945px\" \/><\/figure>\n\n\n\n<p>4 &#8211; ERASMUS+ \u00d6\u011frenci Ziyareti<\/p>\n\n\n\n<p>Buca E\u011fitim Fak\u00fcltesi\u2019ni ziyaret eden Hollandal\u0131 \u00f6\u011frenci ve akademisyenlere EDUCODE projesi hakk\u0131nda bilgi verilmi\u015ftir.<\/p>\n\n\n\n<p>Sunum: Prof. Dr. Ercan Akp\u0131nar<\/p>\n\n\n\n<figure class=\"wp-block-image size-full\"><img loading=\"lazy\" decoding=\"async\" width=\"945\" height=\"252\" src=\"https:\/\/www.edigilit.eu\/educodeproject\/wp-content\/uploads\/2025\/01\/image-29.png\" alt=\"\" class=\"wp-image-224\" srcset=\"https:\/\/www.edigilit.eu\/educodeproject\/wp-content\/uploads\/2025\/01\/image-29.png 945w, https:\/\/www.edigilit.eu\/educodeproject\/wp-content\/uploads\/2025\/01\/image-29-300x80.png 300w, https:\/\/www.edigilit.eu\/educodeproject\/wp-content\/uploads\/2025\/01\/image-29-768x205.png 768w\" sizes=\"auto, (max-width: 945px) 100vw, 945px\" \/><\/figure>\n\n\n\n<p>5 &#8211; &#8220;Bilgisayar ve \u00d6\u011fretim Teknolojileri \u00d6\u011frenci Kurultay\u0131&#8221;<\/p>\n\n\n\n<p>27. Nisan 2019 tarihinde, bilgisayar ve \u00f6\u011fretim teknolojileri \u00f6\u011frenci kurultay\u0131nda, \u00f6\u011fretim tasar\u0131m\u0131 panelinde ICT \u00f6\u011fretmen adaylar\u0131na proje tan\u0131t\u0131m\u0131 ger\u00e7ekle\u015ftirilmi\u015ftir.<\/p>\n\n\n\n<p>Sunum: Do\u00e7 Dr. Bahar Baran<\/p>\n\n\n\n<figure class=\"wp-block-image size-full\"><img loading=\"lazy\" decoding=\"async\" width=\"945\" height=\"648\" src=\"https:\/\/www.edigilit.eu\/educodeproject\/wp-content\/uploads\/2025\/01\/image-30.png\" alt=\"\" class=\"wp-image-225\" srcset=\"https:\/\/www.edigilit.eu\/educodeproject\/wp-content\/uploads\/2025\/01\/image-30.png 945w, https:\/\/www.edigilit.eu\/educodeproject\/wp-content\/uploads\/2025\/01\/image-30-300x206.png 300w, https:\/\/www.edigilit.eu\/educodeproject\/wp-content\/uploads\/2025\/01\/image-30-768x527.png 768w\" sizes=\"auto, (max-width: 945px) 100vw, 945px\" \/><\/figure>\n\n\n\n<figure class=\"wp-block-image size-full\"><img loading=\"lazy\" decoding=\"async\" width=\"945\" height=\"532\" src=\"https:\/\/www.edigilit.eu\/educodeproject\/wp-content\/uploads\/2025\/01\/image-31.png\" alt=\"\" class=\"wp-image-226\" srcset=\"https:\/\/www.edigilit.eu\/educodeproject\/wp-content\/uploads\/2025\/01\/image-31.png 945w, https:\/\/www.edigilit.eu\/educodeproject\/wp-content\/uploads\/2025\/01\/image-31-300x169.png 300w, https:\/\/www.edigilit.eu\/educodeproject\/wp-content\/uploads\/2025\/01\/image-31-768x432.png 768w\" sizes=\"auto, (max-width: 945px) 100vw, 945px\" \/><\/figure>\n\n\n\n<figure class=\"wp-block-image size-full\"><img loading=\"lazy\" decoding=\"async\" width=\"945\" height=\"709\" src=\"https:\/\/www.edigilit.eu\/educodeproject\/wp-content\/uploads\/2025\/01\/image-32.png\" alt=\"\" class=\"wp-image-227\" srcset=\"https:\/\/www.edigilit.eu\/educodeproject\/wp-content\/uploads\/2025\/01\/image-32.png 945w, https:\/\/www.edigilit.eu\/educodeproject\/wp-content\/uploads\/2025\/01\/image-32-300x225.png 300w, https:\/\/www.edigilit.eu\/educodeproject\/wp-content\/uploads\/2025\/01\/image-32-768x576.png 768w\" sizes=\"auto, (max-width: 945px) 100vw, 945px\" \/><\/figure>\n\n\n\n<p>6 &#8211; &#8220;I. Uluslararas\u0131 Bilim, E\u011fitim, Sanat ve Teknoloji Sempozyumu&#8221;<\/p>\n\n\n\n<p>2-4 May\u0131s tarihleri aras\u0131nda d\u00fczenlenen I. Uluslararas\u0131 Bilim, E\u011fitim, Sanat ve Teknoloji Sempozyumun da (UBEST-2019) Do\u00e7. Dr. Bahar Baran taraf\u0131ndan \u201cBT \u00d6\u011fretmen Adaylar\u0131n\u0131n \u00c7ocuklara Kod Yazmay\u0131 \u00d6\u011fretme Pedagojik Becerilerinin Geli\u015ftirilmesi \u0130\u00e7in Uygulay\u0131c\u0131 El Kitab\u0131&#8221; ba\u015fl\u0131kl\u0131 sunum yap\u0131lm\u0131\u015ft\u0131r.&nbsp;&nbsp;Sunum \u00f6zeti i\u00e7in l\u00fctfen&nbsp;<a href=\"http:\/\/educodeproject.org\/wp-content\/uploads\/2019\/08\/ubest-turkce-ozet.pdf\">t\u0131klay\u0131n.<\/a>&nbsp;Sunum dosyas\u0131 i\u00e7in&nbsp;<a href=\"http:\/\/educodeproject.org\/wp-content\/uploads\/2019\/10\/educode-ubest2019-1.pdf\">t\u0131klay\u0131n<\/a>.<\/p>\n\n\n\n<p>Sunum: Do\u00e7. Dr. Bahar Baran<\/p>\n\n\n\n<figure class=\"wp-block-image size-full\"><img loading=\"lazy\" decoding=\"async\" width=\"945\" height=\"709\" src=\"https:\/\/www.edigilit.eu\/educodeproject\/wp-content\/uploads\/2025\/01\/image-33.png\" alt=\"\" class=\"wp-image-228\" srcset=\"https:\/\/www.edigilit.eu\/educodeproject\/wp-content\/uploads\/2025\/01\/image-33.png 945w, https:\/\/www.edigilit.eu\/educodeproject\/wp-content\/uploads\/2025\/01\/image-33-300x225.png 300w, https:\/\/www.edigilit.eu\/educodeproject\/wp-content\/uploads\/2025\/01\/image-33-768x576.png 768w\" sizes=\"auto, (max-width: 945px) 100vw, 945px\" \/><\/figure>\n\n\n\n<p><\/p>\n\n\n\n<p>7 &#8211; &#8220;Giri\u015fimci \u00d6\u011fretmen E\u011fitimi E-STEM&#8221;<\/p>\n\n\n\n<p>Temmuz \u2013 5 Temmuz 2019&nbsp;tarihleri aras\u0131nda&nbsp;Afyonkarahisar\u2019da ger\u00e7ekle\u015ftirilen \u201cGiri\u015fimci \u00d6\u011fretmen E\u011fitimi E-STEM&#8221; etkinli\u011finde, Prof. Dr. Ercan Akp\u0131nar taraf\u0131ndan EDUCODE projesi kat\u0131l\u0131mc\u0131lara tan\u0131t\u0131lm\u0131\u015f ve proje hakk\u0131nda bilgi verilmi\u015ftir.&nbsp;<\/p>\n\n\n\n<p>Sunum: Prof. Dr. Ercan Akp\u0131nar<\/p>\n\n\n\n<figure class=\"wp-block-image size-full\"><img loading=\"lazy\" decoding=\"async\" width=\"945\" height=\"532\" src=\"https:\/\/www.edigilit.eu\/educodeproject\/wp-content\/uploads\/2025\/01\/image-34.png\" alt=\"\" class=\"wp-image-229\" srcset=\"https:\/\/www.edigilit.eu\/educodeproject\/wp-content\/uploads\/2025\/01\/image-34.png 945w, https:\/\/www.edigilit.eu\/educodeproject\/wp-content\/uploads\/2025\/01\/image-34-300x169.png 300w, https:\/\/www.edigilit.eu\/educodeproject\/wp-content\/uploads\/2025\/01\/image-34-768x432.png 768w\" sizes=\"auto, (max-width: 945px) 100vw, 945px\" \/><\/figure>\n\n\n\n<figure class=\"wp-block-image size-full\"><img loading=\"lazy\" decoding=\"async\" width=\"945\" height=\"532\" src=\"https:\/\/www.edigilit.eu\/educodeproject\/wp-content\/uploads\/2025\/01\/image-35.png\" alt=\"\" class=\"wp-image-230\" srcset=\"https:\/\/www.edigilit.eu\/educodeproject\/wp-content\/uploads\/2025\/01\/image-35.png 945w, https:\/\/www.edigilit.eu\/educodeproject\/wp-content\/uploads\/2025\/01\/image-35-300x169.png 300w, https:\/\/www.edigilit.eu\/educodeproject\/wp-content\/uploads\/2025\/01\/image-35-768x432.png 768w\" sizes=\"auto, (max-width: 945px) 100vw, 945px\" \/><\/figure>\n\n\n\n<figure class=\"wp-block-image size-full\"><img loading=\"lazy\" decoding=\"async\" width=\"945\" height=\"532\" src=\"https:\/\/www.edigilit.eu\/educodeproject\/wp-content\/uploads\/2025\/01\/image-36.png\" alt=\"\" class=\"wp-image-231\" srcset=\"https:\/\/www.edigilit.eu\/educodeproject\/wp-content\/uploads\/2025\/01\/image-36.png 945w, https:\/\/www.edigilit.eu\/educodeproject\/wp-content\/uploads\/2025\/01\/image-36-300x169.png 300w, https:\/\/www.edigilit.eu\/educodeproject\/wp-content\/uploads\/2025\/01\/image-36-768x432.png 768w\" sizes=\"auto, (max-width: 945px) 100vw, 945px\" \/><\/figure>\n\n\n\n<figure class=\"wp-block-image size-full\"><img loading=\"lazy\" decoding=\"async\" width=\"945\" height=\"709\" src=\"https:\/\/www.edigilit.eu\/educodeproject\/wp-content\/uploads\/2025\/01\/image-37.png\" alt=\"\" class=\"wp-image-232\" srcset=\"https:\/\/www.edigilit.eu\/educodeproject\/wp-content\/uploads\/2025\/01\/image-37.png 945w, https:\/\/www.edigilit.eu\/educodeproject\/wp-content\/uploads\/2025\/01\/image-37-300x225.png 300w, https:\/\/www.edigilit.eu\/educodeproject\/wp-content\/uploads\/2025\/01\/image-37-768x576.png 768w\" sizes=\"auto, (max-width: 945px) 100vw, 945px\" \/><\/figure>\n\n\n\n<p>8 &#8211; &#8220;2nd International Instructional Technologies in Engineering Education Conference&#8221;<\/p>\n\n\n\n<p>12-14 Eyl\u00fcl tarihleri aras\u0131nda d\u00fczenlenen \u201c2nd International Instructional Technologies in Engineering Education Conference&#8221; da (2nd IITEEC 2019) Dr. \u00d6\u011fretim \u00dcyesi K\u00fcr\u015fat Arslan taraf\u0131ndan \u201cKodlama \u00d6\u011fretimi Nas\u0131l Olmal\u0131? EduCode Projesi \u00d6rne\u011fi&#8221; ba\u015fl\u0131kl\u0131 sunum yap\u0131lm\u0131\u015ft\u0131r.&nbsp;&nbsp;Sunum \u00f6zeti i\u00e7in l\u00fctfen&nbsp;<a href=\"http:\/\/educodeproject.org\/wp-content\/uploads\/2019\/10\/iitee2_ozet.pdf\">t\u0131klay\u0131n<\/a>.&nbsp;Sunum dosyas\u0131 i\u00e7in l\u00fctfen&nbsp;<a href=\"http:\/\/educodeproject.org\/wp-content\/uploads\/2019\/10\/iitee2_sunum-1.pdf\">t\u0131klay\u0131n<\/a>.&nbsp;Proje tan\u0131t\u0131m dosyas\u0131 i\u00e7in&nbsp;<a href=\"https:\/\/www.youtube.com\/watch?v=9Xacbu5WiSQ&amp;t=5s\">t\u0131klay\u0131n<\/a><\/p>\n\n\n\n<p>Sunum: Dr. \u00d6\u011fr. \u00dcyesi K\u00fcr\u015fat Arslan<\/p>\n\n\n\n<figure class=\"wp-block-image size-full\"><img loading=\"lazy\" decoding=\"async\" width=\"945\" height=\"532\" src=\"https:\/\/www.edigilit.eu\/educodeproject\/wp-content\/uploads\/2025\/01\/image-38.png\" alt=\"\" class=\"wp-image-233\" srcset=\"https:\/\/www.edigilit.eu\/educodeproject\/wp-content\/uploads\/2025\/01\/image-38.png 945w, https:\/\/www.edigilit.eu\/educodeproject\/wp-content\/uploads\/2025\/01\/image-38-300x169.png 300w, https:\/\/www.edigilit.eu\/educodeproject\/wp-content\/uploads\/2025\/01\/image-38-768x432.png 768w\" sizes=\"auto, (max-width: 945px) 100vw, 945px\" \/><\/figure>\n\n\n\n<figure class=\"wp-block-image size-full\"><img loading=\"lazy\" decoding=\"async\" width=\"945\" height=\"532\" src=\"https:\/\/www.edigilit.eu\/educodeproject\/wp-content\/uploads\/2025\/01\/image-39.png\" alt=\"\" class=\"wp-image-234\" srcset=\"https:\/\/www.edigilit.eu\/educodeproject\/wp-content\/uploads\/2025\/01\/image-39.png 945w, https:\/\/www.edigilit.eu\/educodeproject\/wp-content\/uploads\/2025\/01\/image-39-300x169.png 300w, https:\/\/www.edigilit.eu\/educodeproject\/wp-content\/uploads\/2025\/01\/image-39-768x432.png 768w\" sizes=\"auto, (max-width: 945px) 100vw, 945px\" \/><\/figure>\n\n\n\n<p><strong>8 &#8211; &#8220;4th International Symposium of Turkish Computer and Mathematics Education&#8221;<\/strong><\/p>\n\n\n\n<p>Assoc. Dr. Dr. Bahar Baran, Dr.K\u00fcr\u015fat Arslan and Dr. Prof. Ercan Akp\u0131nar made a presentation titled \u201cErasmus + KA203 Strategic Partnerships in Higher Education Project: Developing Coding Teaching Competencies of ICT \/ STEM Teacher Candidates&#8221; in 4<sup>th<\/sup>&nbsp;International &nbsp;<a href=\"http:\/\/www.bilmat.org\/turkbilmat2019\/?s=0#duyuru13\">Symposium<\/a>&nbsp;of Turkish Computer and Mathematics Education which organizde by&nbsp;<a href=\"http:\/\/tmed.org.tr\/\">Turkish Mathematics Education Association<\/a>&nbsp;&nbsp;and other partners in \u0130zmir, Turkey between September, 26-28, 2019 ,<a href=\"http:\/\/www.bilmat.org\/turkbilmat2019\/?s=0\">http:\/\/www.bilmat.org\/turkbilmat2019\/?s=0<\/a><\/p>\n\n\n\n<p>Presenter: Bahar Baran, K\u00fcr\u015fat Arslan, ve Ercan Akp\u0131nar<\/p>\n\n\n\n<figure class=\"wp-block-image size-full\"><img loading=\"lazy\" decoding=\"async\" width=\"945\" height=\"532\" src=\"https:\/\/www.edigilit.eu\/educodeproject\/wp-content\/uploads\/2025\/01\/image-40.png\" alt=\"\" class=\"wp-image-235\" srcset=\"https:\/\/www.edigilit.eu\/educodeproject\/wp-content\/uploads\/2025\/01\/image-40.png 945w, https:\/\/www.edigilit.eu\/educodeproject\/wp-content\/uploads\/2025\/01\/image-40-300x169.png 300w, https:\/\/www.edigilit.eu\/educodeproject\/wp-content\/uploads\/2025\/01\/image-40-768x432.png 768w\" sizes=\"auto, (max-width: 945px) 100vw, 945px\" \/><\/figure>\n\n\n\n<figure class=\"wp-block-image size-full\"><img loading=\"lazy\" decoding=\"async\" width=\"945\" height=\"532\" src=\"https:\/\/www.edigilit.eu\/educodeproject\/wp-content\/uploads\/2025\/01\/image-41.png\" alt=\"\" class=\"wp-image-236\" srcset=\"https:\/\/www.edigilit.eu\/educodeproject\/wp-content\/uploads\/2025\/01\/image-41.png 945w, https:\/\/www.edigilit.eu\/educodeproject\/wp-content\/uploads\/2025\/01\/image-41-300x169.png 300w, https:\/\/www.edigilit.eu\/educodeproject\/wp-content\/uploads\/2025\/01\/image-41-768x432.png 768w\" sizes=\"auto, (max-width: 945px) 100vw, 945px\" \/><\/figure>\n\n\n\n<p>10 &#8211; &#8220;DEUV\u0130ZYON&#8221;<\/p>\n\n\n\n<p><\/p>\n\n\n\n<p>\u00dcniversite taraf\u0131ndan yay\u0131nlanan ve t\u00fcm birimlere g\u00f6nderilen Vizyon dergisinde EDUCODE projesi hakk\u0131nda bir sayfal\u0131k bilgi verilmi\u015ftir. Bu dergi ile EDUCODE projesi Dokuz Eyl\u00fcl \u00dcniversitesi\u2019indeki t\u00fcm birimlere (akademik, idari ve \u00f6\u011frenci) ula\u015ft\u0131r\u0131lm\u0131\u015ft\u0131r.<\/p>\n\n\n\n<figure class=\"wp-block-image size-large\"><img loading=\"lazy\" decoding=\"async\" width=\"740\" height=\"1024\" src=\"https:\/\/www.edigilit.eu\/educodeproject\/wp-content\/uploads\/2025\/01\/image-42-740x1024.png\" alt=\"\" class=\"wp-image-237\" srcset=\"https:\/\/www.edigilit.eu\/educodeproject\/wp-content\/uploads\/2025\/01\/image-42-740x1024.png 740w, https:\/\/www.edigilit.eu\/educodeproject\/wp-content\/uploads\/2025\/01\/image-42-217x300.png 217w, https:\/\/www.edigilit.eu\/educodeproject\/wp-content\/uploads\/2025\/01\/image-42-768x1063.png 768w, https:\/\/www.edigilit.eu\/educodeproject\/wp-content\/uploads\/2025\/01\/image-42.png 945w\" sizes=\"auto, (max-width: 740px) 100vw, 740px\" \/><\/figure>\n\n\n\n<h3 class=\"wp-block-heading\">11 &#8211; &#8220;RDI KNOWLEDGE TRANSFER NEWSLETTER&#8221;<\/h3>\n\n\n\n<p>Limerik Enstit\u00fcs\u00fc taraf\u0131ndan yay\u0131nlanan bilgi b\u00fclteninde EDUCODE projesi tan\u0131t\u0131lm\u0131\u015ft\u0131r.&nbsp;<\/p>\n\n\n\n<figure class=\"wp-block-image size-full\"><img loading=\"lazy\" decoding=\"async\" width=\"1004\" height=\"585\" src=\"https:\/\/www.edigilit.eu\/educodeproject\/wp-content\/uploads\/2025\/01\/image-45.png\" alt=\"\" class=\"wp-image-252\" srcset=\"https:\/\/www.edigilit.eu\/educodeproject\/wp-content\/uploads\/2025\/01\/image-45.png 1004w, https:\/\/www.edigilit.eu\/educodeproject\/wp-content\/uploads\/2025\/01\/image-45-300x175.png 300w, https:\/\/www.edigilit.eu\/educodeproject\/wp-content\/uploads\/2025\/01\/image-45-768x447.png 768w\" sizes=\"auto, (max-width: 1004px) 100vw, 1004px\" \/><\/figure>\n\n\n\n<figure class=\"wp-block-image size-full\"><img loading=\"lazy\" decoding=\"async\" width=\"900\" height=\"605\" src=\"https:\/\/www.edigilit.eu\/educodeproject\/wp-content\/uploads\/2025\/01\/image-46.png\" alt=\"\" class=\"wp-image-253\" srcset=\"https:\/\/www.edigilit.eu\/educodeproject\/wp-content\/uploads\/2025\/01\/image-46.png 900w, https:\/\/www.edigilit.eu\/educodeproject\/wp-content\/uploads\/2025\/01\/image-46-300x202.png 300w, https:\/\/www.edigilit.eu\/educodeproject\/wp-content\/uploads\/2025\/01\/image-46-768x516.png 768w\" sizes=\"auto, (max-width: 900px) 100vw, 900px\" \/><\/figure>\n\n\n\n<p>\u0130htiya\u00e7 Analizi<\/p>\n\n\n\n<p><br>Bu rapor, AB taraf\u0131ndan finanse edilen ve Erasmus + Ana Eylem 2 \u2013 Program\u0131 dahilinde yer alan \u201cKodlama E\u011fitiminde BIT\/FETEM Lisans \u00d6\u011frencilerinin Yeterliklerinin Art\u0131r\u0131lmas\u0131 \u2013 EDUCODE&#8221; ba\u015fl\u0131kl\u0131 Stratejik Ortakl\u0131k projesi kapsam\u0131nda haz\u0131rlanan ve ilk ve orta dereceli okullarda kodlamay\u0131 \u00f6\u011fretecek olan BIT\/FETEM lisans \u00f6\u011frencilerinin e\u011fitim ihtiya\u00e7lar\u0131n\u0131 ortaya koyan bir \u00e7al\u0131\u015fmad\u0131r.<\/p>\n\n\n\n<div data-wp-interactive=\"core\/file\" class=\"wp-block-file\"><object data-wp-bind--hidden=\"!state.hasPdfPreview\" hidden class=\"wp-block-file__embed\" data=\"https:\/\/www.edigilit.eu\/educodeproject\/wp-content\/uploads\/2025\/01\/Turkce-Need-Analysis-Report_Final-Version_29May2018-2.pdf\" type=\"application\/pdf\" style=\"width:100%;height:600px\" aria-label=\"Embed of Tu\u0308rkc\u0327e-Need-Analysis-Report_Final-Version_29May2018 (2).\"><\/object><a id=\"wp-block-file--media-c88a130f-6459-4d44-ac4c-f737a86d2f35\" href=\"https:\/\/www.edigilit.eu\/educodeproject\/wp-content\/uploads\/2025\/01\/Turkce-Need-Analysis-Report_Final-Version_29May2018-2.pdf\">Tu\u0308rkc\u0327e-Need-Analysis-Report_Final-Version_29May2018 (2)<\/a><a href=\"https:\/\/www.edigilit.eu\/educodeproject\/wp-content\/uploads\/2025\/01\/Turkce-Need-Analysis-Report_Final-Version_29May2018-2.pdf\" class=\"wp-block-file__button wp-element-button\" download aria-describedby=\"wp-block-file--media-c88a130f-6459-4d44-ac4c-f737a86d2f35\">Download<\/a><\/div>\n\n\n\n<p>Bro\u015f\u00fcr<\/p>\n\n\n\n<figure class=\"wp-block-image size-large\"><img loading=\"lazy\" decoding=\"async\" width=\"1024\" height=\"791\" src=\"https:\/\/www.edigilit.eu\/educodeproject\/wp-content\/uploads\/2025\/01\/image-47-1024x791.png\" alt=\"\" class=\"wp-image-255\" srcset=\"https:\/\/www.edigilit.eu\/educodeproject\/wp-content\/uploads\/2025\/01\/image-47-1024x791.png 1024w, https:\/\/www.edigilit.eu\/educodeproject\/wp-content\/uploads\/2025\/01\/image-47-300x232.png 300w, https:\/\/www.edigilit.eu\/educodeproject\/wp-content\/uploads\/2025\/01\/image-47-768x593.png 768w, https:\/\/www.edigilit.eu\/educodeproject\/wp-content\/uploads\/2025\/01\/image-47-1536x1187.png 1536w, https:\/\/www.edigilit.eu\/educodeproject\/wp-content\/uploads\/2025\/01\/image-47-2048x1583.png 2048w\" sizes=\"auto, (max-width: 1024px) 100vw, 1024px\" \/><\/figure>\n\n\n\n<figure class=\"wp-block-image size-large\"><img loading=\"lazy\" decoding=\"async\" width=\"1024\" height=\"791\" src=\"https:\/\/www.edigilit.eu\/educodeproject\/wp-content\/uploads\/2025\/01\/image-48-1024x791.png\" alt=\"\" class=\"wp-image-256\" srcset=\"https:\/\/www.edigilit.eu\/educodeproject\/wp-content\/uploads\/2025\/01\/image-48-1024x791.png 1024w, https:\/\/www.edigilit.eu\/educodeproject\/wp-content\/uploads\/2025\/01\/image-48-300x232.png 300w, https:\/\/www.edigilit.eu\/educodeproject\/wp-content\/uploads\/2025\/01\/image-48-768x593.png 768w, https:\/\/www.edigilit.eu\/educodeproject\/wp-content\/uploads\/2025\/01\/image-48-1536x1187.png 1536w, https:\/\/www.edigilit.eu\/educodeproject\/wp-content\/uploads\/2025\/01\/image-48-2048x1583.png 2048w\" sizes=\"auto, (max-width: 1024px) 100vw, 1024px\" \/><\/figure>\n\n\n\n<figure class=\"wp-block-image size-large\"><img loading=\"lazy\" decoding=\"async\" width=\"1024\" height=\"730\" src=\"https:\/\/www.edigilit.eu\/educodeproject\/wp-content\/uploads\/2025\/01\/image-49-1024x730.png\" alt=\"\" class=\"wp-image-257\" srcset=\"https:\/\/www.edigilit.eu\/educodeproject\/wp-content\/uploads\/2025\/01\/image-49-1024x730.png 1024w, https:\/\/www.edigilit.eu\/educodeproject\/wp-content\/uploads\/2025\/01\/image-49-300x214.png 300w, https:\/\/www.edigilit.eu\/educodeproject\/wp-content\/uploads\/2025\/01\/image-49-768x547.png 768w, https:\/\/www.edigilit.eu\/educodeproject\/wp-content\/uploads\/2025\/01\/image-49-1536x1095.png 1536w, https:\/\/www.edigilit.eu\/educodeproject\/wp-content\/uploads\/2025\/01\/image-49.png 1928w\" sizes=\"auto, (max-width: 1024px) 100vw, 1024px\" \/><\/figure>\n\n\n\n<figure class=\"wp-block-image size-large\"><img loading=\"lazy\" decoding=\"async\" width=\"1024\" height=\"730\" src=\"https:\/\/www.edigilit.eu\/educodeproject\/wp-content\/uploads\/2025\/01\/image-50-1024x730.png\" alt=\"\" class=\"wp-image-258\" srcset=\"https:\/\/www.edigilit.eu\/educodeproject\/wp-content\/uploads\/2025\/01\/image-50-1024x730.png 1024w, https:\/\/www.edigilit.eu\/educodeproject\/wp-content\/uploads\/2025\/01\/image-50-300x214.png 300w, https:\/\/www.edigilit.eu\/educodeproject\/wp-content\/uploads\/2025\/01\/image-50-768x547.png 768w, https:\/\/www.edigilit.eu\/educodeproject\/wp-content\/uploads\/2025\/01\/image-50-1536x1095.png 1536w, https:\/\/www.edigilit.eu\/educodeproject\/wp-content\/uploads\/2025\/01\/image-50.png 1928w\" sizes=\"auto, (max-width: 1024px) 100vw, 1024px\" \/><\/figure>\n\n\n\n<div data-wp-interactive=\"core\/file\" class=\"wp-block-file\"><object data-wp-bind--hidden=\"!state.hasPdfPreview\" hidden class=\"wp-block-file__embed\" data=\"https:\/\/www.edigilit.eu\/educodeproject\/wp-content\/uploads\/2025\/01\/2018_haber-bulteni_bahar-27.02.2018.pdf\" type=\"application\/pdf\" style=\"width:100%;height:600px\" aria-label=\"Embed of 2018_haber-b\u00fclteni_bahar-27.02.2018.\"><\/object><a id=\"wp-block-file--media-5addd867-c773-44c5-a930-4442433034dc\" href=\"https:\/\/www.edigilit.eu\/educodeproject\/wp-content\/uploads\/2025\/01\/2018_haber-bulteni_bahar-27.02.2018.pdf\">2018_haber-b\u00fclteni_bahar-27.02.2018<\/a><a href=\"https:\/\/www.edigilit.eu\/educodeproject\/wp-content\/uploads\/2025\/01\/2018_haber-bulteni_bahar-27.02.2018.pdf\" class=\"wp-block-file__button wp-element-button\" download aria-describedby=\"wp-block-file--media-5addd867-c773-44c5-a930-4442433034dc\">Download<\/a><\/div>\n\n\n\n<div data-wp-interactive=\"core\/file\" class=\"wp-block-file\"><object data-wp-bind--hidden=\"!state.hasPdfPreview\" hidden class=\"wp-block-file__embed\" data=\"https:\/\/www.edigilit.eu\/educodeproject\/wp-content\/uploads\/2025\/01\/Educode-Newsletter-2_Turkce.pdf\" type=\"application\/pdf\" style=\"width:100%;height:600px\" aria-label=\"Embed of Educode-Newsletter-2_T\u00fcrk\u00e7e.\"><\/object><a id=\"wp-block-file--media-35714b99-de8f-4fe8-b4e1-77fbf2f7222a\" href=\"https:\/\/www.edigilit.eu\/educodeproject\/wp-content\/uploads\/2025\/01\/Educode-Newsletter-2_Turkce.pdf\">Educode-Newsletter-2_T\u00fcrk\u00e7e<\/a><a href=\"https:\/\/www.edigilit.eu\/educodeproject\/wp-content\/uploads\/2025\/01\/Educode-Newsletter-2_Turkce.pdf\" class=\"wp-block-file__button wp-element-button\" download aria-describedby=\"wp-block-file--media-35714b99-de8f-4fe8-b4e1-77fbf2f7222a\">Download<\/a><\/div>\n\n\n\n<div data-wp-interactive=\"core\/file\" class=\"wp-block-file\"><object data-wp-bind--hidden=\"!state.hasPdfPreview\" hidden class=\"wp-block-file__embed\" data=\"https:\/\/www.edigilit.eu\/educodeproject\/wp-content\/uploads\/2025\/01\/EDUCODE_newsletter3_Turkce.pdf\" type=\"application\/pdf\" style=\"width:100%;height:600px\" aria-label=\"Embed of EDUCODE_newsletter3_T\u00fcrk\u00e7e.\"><\/object><a id=\"wp-block-file--media-ce20879b-a7f1-44eb-b0d9-ac9fd8eae3df\" href=\"https:\/\/www.edigilit.eu\/educodeproject\/wp-content\/uploads\/2025\/01\/EDUCODE_newsletter3_Turkce.pdf\">EDUCODE_newsletter3_T\u00fcrk\u00e7e<\/a><a href=\"https:\/\/www.edigilit.eu\/educodeproject\/wp-content\/uploads\/2025\/01\/EDUCODE_newsletter3_Turkce.pdf\" class=\"wp-block-file__button wp-element-button\" download aria-describedby=\"wp-block-file--media-ce20879b-a7f1-44eb-b0d9-ac9fd8eae3df\">Download<\/a><\/div>\n\n\n\n<div data-wp-interactive=\"core\/file\" class=\"wp-block-file\"><object data-wp-bind--hidden=\"!state.hasPdfPreview\" hidden class=\"wp-block-file__embed\" data=\"https:\/\/www.edigilit.eu\/educodeproject\/wp-content\/uploads\/2025\/01\/EDUCODE-Newsletter-4_Turkce_v2.pdf\" type=\"application\/pdf\" style=\"width:100%;height:600px\" aria-label=\"Embed of EDUCODE-Newsletter-4_T\u00fcrk\u00e7e_v2.\"><\/object><a id=\"wp-block-file--media-49f3ae05-a167-4f0a-b924-968564845e0a\" href=\"https:\/\/www.edigilit.eu\/educodeproject\/wp-content\/uploads\/2025\/01\/EDUCODE-Newsletter-4_Turkce_v2.pdf\">EDUCODE-Newsletter-4_T\u00fcrk\u00e7e_v2<\/a><a href=\"https:\/\/www.edigilit.eu\/educodeproject\/wp-content\/uploads\/2025\/01\/EDUCODE-Newsletter-4_Turkce_v2.pdf\" class=\"wp-block-file__button wp-element-button\" download aria-describedby=\"wp-block-file--media-49f3ae05-a167-4f0a-b924-968564845e0a\">Download<\/a><\/div>\n","protected":false},"excerpt":{"rendered":"<p>E1 &#8211; EDTECH Konferans\u0131 2018 1 May\u0131s 2018\u2019de \u0130RLANDA\u2019da EDTECH Konferans\u0131nda \u201c\u0130htiya\u00e7 Analizi Sonu\u00e7lar\u0131&#8221; sunulmu\u015ftur. (Http:\/\/programme.exordo.com\/edtech2018\/).\u00a0 Sunum: Do\u00e7. Dr. Igor Pesek 2 &#8211; Uluslararas\u0131 Bilim ve E\u011fitim Kongresi 23-25 Mart 2018 tarihinde Uluslararas\u0131 Bilim ve E\u011fitim Kongresinde \u201cTemel D\u00fczeyden \u0130leri D\u00fczeye Proje Haz\u0131rlama S\u00fcreci\u201d konulu\u00a0\u00e7al\u0131\u015ftay ger\u00e7ekle\u015ftiren Prof.Dr. Ercan AKPINAR, EDUCODE projesi hakk\u0131nda ortalama 45 kat\u0131l\u0131mc\u0131ya [&hellip;]<\/p>\n","protected":false},"author":1,"featured_media":0,"comment_status":"open","ping_status":"open","sticky":false,"template":"","format":"standard","meta":{"footnotes":""},"categories":[7],"tags":[],"class_list":["post-241","post","type-post","status-publish","format-standard","hentry","category-uncategorized-tr"],"_links":{"self":[{"href":"https:\/\/www.edigilit.eu\/educodeproject\/wp-json\/wp\/v2\/posts\/241","targetHints":{"allow":["GET"]}}],"collection":[{"href":"https:\/\/www.edigilit.eu\/educodeproject\/wp-json\/wp\/v2\/posts"}],"about":[{"href":"https:\/\/www.edigilit.eu\/educodeproject\/wp-json\/wp\/v2\/types\/post"}],"author":[{"embeddable":true,"href":"https:\/\/www.edigilit.eu\/educodeproject\/wp-json\/wp\/v2\/users\/1"}],"replies":[{"embeddable":true,"href":"https:\/\/www.edigilit.eu\/educodeproject\/wp-json\/wp\/v2\/comments?post=241"}],"version-history":[{"count":1,"href":"https:\/\/www.edigilit.eu\/educodeproject\/wp-json\/wp\/v2\/posts\/241\/revisions"}],"predecessor-version":[{"id":263,"href":"https:\/\/www.edigilit.eu\/educodeproject\/wp-json\/wp\/v2\/posts\/241\/revisions\/263"}],"wp:attachment":[{"href":"https:\/\/www.edigilit.eu\/educodeproject\/wp-json\/wp\/v2\/media?parent=241"}],"wp:term":[{"taxonomy":"category","embeddable":true,"href":"https:\/\/www.edigilit.eu\/educodeproject\/wp-json\/wp\/v2\/categories?post=241"},{"taxonomy":"post_tag","embeddable":true,"href":"https:\/\/www.edigilit.eu\/educodeproject\/wp-json\/wp\/v2\/tags?post=241"}],"curies":[{"name":"wp","href":"https:\/\/api.w.org\/{rel}","templated":true}]}}