{"id":242,"date":"2025-01-22T23:21:18","date_gmt":"2025-01-22T23:21:18","guid":{"rendered":"https:\/\/www.edigilit.eu\/educodeproject\/?p=242"},"modified":"2025-01-22T23:21:18","modified_gmt":"2025-01-22T23:21:18","slug":"publikacije","status":"publish","type":"post","link":"https:\/\/www.edigilit.eu\/educodeproject\/sl\/uncategorized-sl\/publikacije\/","title":{"rendered":"Publikacije"},"content":{"rendered":"\n<p>Bro\u0161ura Projekta<\/p>\n\n\n\n<figure class=\"wp-block-image size-full\"><img loading=\"lazy\" decoding=\"async\" width=\"554\" height=\"837\" src=\"https:\/\/www.edigilit.eu\/educodeproject\/wp-content\/uploads\/2025\/01\/image-52.png\" alt=\"\" class=\"wp-image-265\" srcset=\"https:\/\/www.edigilit.eu\/educodeproject\/wp-content\/uploads\/2025\/01\/image-52.png 554w, https:\/\/www.edigilit.eu\/educodeproject\/wp-content\/uploads\/2025\/01\/image-52-199x300.png 199w\" sizes=\"auto, (max-width: 554px) 100vw, 554px\" \/><\/figure>\n\n\n\n<figure class=\"wp-block-image size-full\"><img loading=\"lazy\" decoding=\"async\" width=\"554\" height=\"837\" src=\"https:\/\/www.edigilit.eu\/educodeproject\/wp-content\/uploads\/2025\/01\/image-53.png\" alt=\"\" class=\"wp-image-266\" srcset=\"https:\/\/www.edigilit.eu\/educodeproject\/wp-content\/uploads\/2025\/01\/image-53.png 554w, https:\/\/www.edigilit.eu\/educodeproject\/wp-content\/uploads\/2025\/01\/image-53-199x300.png 199w\" sizes=\"auto, (max-width: 554px) 100vw, 554px\" \/><\/figure>\n\n\n\n<p>E-bilten<\/p>\n\n\n\n<div data-wp-interactive=\"core\/file\" class=\"wp-block-file\"><object data-wp-bind--hidden=\"!state.hasPdfPreview\" hidden class=\"wp-block-file__embed\" data=\"https:\/\/www.edigilit.eu\/educodeproject\/wp-content\/uploads\/2025\/01\/2018_newsletter1_slo.pdf\" type=\"application\/pdf\" style=\"width:100%;height:600px\" aria-label=\"Embed of 2018_newsletter1_slo.\"><\/object><a id=\"wp-block-file--media-2190ab95-4ff7-4945-9fae-3c16f494e998\" href=\"https:\/\/www.edigilit.eu\/educodeproject\/wp-content\/uploads\/2025\/01\/2018_newsletter1_slo.pdf\">2018_newsletter1_slo<\/a><a href=\"https:\/\/www.edigilit.eu\/educodeproject\/wp-content\/uploads\/2025\/01\/2018_newsletter1_slo.pdf\" class=\"wp-block-file__button wp-element-button\" download aria-describedby=\"wp-block-file--media-2190ab95-4ff7-4945-9fae-3c16f494e998\">Download<\/a><\/div>\n\n\n\n<p><strong> <\/strong><\/p>\n\n\n\n<div data-wp-interactive=\"core\/file\" class=\"wp-block-file\"><object data-wp-bind--hidden=\"!state.hasPdfPreview\" hidden class=\"wp-block-file__embed\" data=\"https:\/\/www.edigilit.eu\/educodeproject\/wp-content\/uploads\/2025\/01\/newsletter2.slo_.pdf\" type=\"application\/pdf\" style=\"width:100%;height:600px\" aria-label=\"Embed of newsletter2.slo_.\"><\/object><a id=\"wp-block-file--media-b33ee44f-3c96-41f1-bc13-b6f73ddd3046\" href=\"https:\/\/www.edigilit.eu\/educodeproject\/wp-content\/uploads\/2025\/01\/newsletter2.slo_.pdf\">newsletter2.slo_<\/a><a href=\"https:\/\/www.edigilit.eu\/educodeproject\/wp-content\/uploads\/2025\/01\/newsletter2.slo_.pdf\" class=\"wp-block-file__button wp-element-button\" download aria-describedby=\"wp-block-file--media-b33ee44f-3c96-41f1-bc13-b6f73ddd3046\">Download<\/a><\/div>\n\n\n\n<div data-wp-interactive=\"core\/file\" class=\"wp-block-file\"><object data-wp-bind--hidden=\"!state.hasPdfPreview\" hidden class=\"wp-block-file__embed\" data=\"https:\/\/www.edigilit.eu\/educodeproject\/wp-content\/uploads\/2025\/01\/newsletter3.slo_.pdf\" type=\"application\/pdf\" style=\"width:100%;height:600px\" aria-label=\"Embed of newsletter3.slo_.\"><\/object><a id=\"wp-block-file--media-14df197d-2b15-4454-a5a2-b138cbe574cf\" href=\"https:\/\/www.edigilit.eu\/educodeproject\/wp-content\/uploads\/2025\/01\/newsletter3.slo_.pdf\">newsletter3.slo_<\/a><a href=\"https:\/\/www.edigilit.eu\/educodeproject\/wp-content\/uploads\/2025\/01\/newsletter3.slo_.pdf\" class=\"wp-block-file__button wp-element-button\" download aria-describedby=\"wp-block-file--media-14df197d-2b15-4454-a5a2-b138cbe574cf\">Download<\/a><\/div>\n\n\n\n<div data-wp-interactive=\"core\/file\" class=\"wp-block-file\"><object data-wp-bind--hidden=\"!state.hasPdfPreview\" hidden class=\"wp-block-file__embed\" data=\"https:\/\/www.edigilit.eu\/educodeproject\/wp-content\/uploads\/2025\/01\/EDUCODE-Newsletter-4.slo_.pdf\" type=\"application\/pdf\" style=\"width:100%;height:600px\" aria-label=\"Embed of EDUCODE-Newsletter-4.slo_.\"><\/object><a id=\"wp-block-file--media-2c4620cd-4386-4713-8ca3-3e668b215578\" href=\"https:\/\/www.edigilit.eu\/educodeproject\/wp-content\/uploads\/2025\/01\/EDUCODE-Newsletter-4.slo_.pdf\">EDUCODE-Newsletter-4.slo_<\/a><a href=\"https:\/\/www.edigilit.eu\/educodeproject\/wp-content\/uploads\/2025\/01\/EDUCODE-Newsletter-4.slo_.pdf\" class=\"wp-block-file__button wp-element-button\" download aria-describedby=\"wp-block-file--media-2c4620cd-4386-4713-8ca3-3e668b215578\">Download<\/a><\/div>\n\n\n\n<p><strong>EDTECH Conference<\/strong><\/p>\n\n\n\n<p>Igor Pesek , introduced the Training Need Analysis in EDTECH, in IRELAND in May 31, June 1, 2018. (http:\/\/programme.exordo.com\/edtech2018\/)<\/p>\n\n\n\n<p>Presenter: Igor Pesek<\/p>\n\n\n\n<figure class=\"wp-block-image size-full\"><img loading=\"lazy\" decoding=\"async\" width=\"945\" height=\"710\" src=\"https:\/\/www.edigilit.eu\/educodeproject\/wp-content\/uploads\/2025\/01\/image-25.png\" alt=\"\" class=\"wp-image-220\" srcset=\"https:\/\/www.edigilit.eu\/educodeproject\/wp-content\/uploads\/2025\/01\/image-25.png 945w, https:\/\/www.edigilit.eu\/educodeproject\/wp-content\/uploads\/2025\/01\/image-25-300x225.png 300w, https:\/\/www.edigilit.eu\/educodeproject\/wp-content\/uploads\/2025\/01\/image-25-768x577.png 768w\" sizes=\"auto, (max-width: 945px) 100vw, 945px\" \/><\/figure>\n\n\n\n<p><strong>1 &#8211; First International Science and Education Congress<\/strong><\/p>\n\n\n\n<p>Ercan AKPINAR gave information about the Educode project to the 45 participants in \u201cInternational Science and Education Congress&#8221; organized by Afyon Kocatepe University, 23-25 \u200b\u200bMarch 2018, Afyon-Turkey.<\/p>\n\n\n\n<p>Presenter: Ercan Akp\u0131nar<\/p>\n\n\n\n<figure class=\"wp-block-image size-full\"><img loading=\"lazy\" decoding=\"async\" width=\"945\" height=\"322\" src=\"https:\/\/www.edigilit.eu\/educodeproject\/wp-content\/uploads\/2025\/01\/image-26.png\" alt=\"\" class=\"wp-image-221\" srcset=\"https:\/\/www.edigilit.eu\/educodeproject\/wp-content\/uploads\/2025\/01\/image-26.png 945w, https:\/\/www.edigilit.eu\/educodeproject\/wp-content\/uploads\/2025\/01\/image-26-300x102.png 300w, https:\/\/www.edigilit.eu\/educodeproject\/wp-content\/uploads\/2025\/01\/image-26-768x262.png 768w\" sizes=\"auto, (max-width: 945px) 100vw, 945px\" \/><\/figure>\n\n\n\n<p><strong>2 &#8211; Faculty Academic Board meeting (2018 &amp; 2019)<\/strong><\/p>\n\n\n\n<p>Ercan AKPINAR, presented&nbsp; EDUCODE Project to &nbsp;faculty members of Buca Faculty of Education in Faculty Academic meeting in \u0130zmir-Turkey in June, 11, 2018 and June, 29, 2019<\/p>\n\n\n\n<p>Presenter: Ercan Akp\u0131nar<\/p>\n\n\n\n<figure class=\"wp-block-image size-full\"><img loading=\"lazy\" decoding=\"async\" width=\"945\" height=\"532\" src=\"https:\/\/www.edigilit.eu\/educodeproject\/wp-content\/uploads\/2025\/01\/image-27.png\" alt=\"\" class=\"wp-image-222\" srcset=\"https:\/\/www.edigilit.eu\/educodeproject\/wp-content\/uploads\/2025\/01\/image-27.png 945w, https:\/\/www.edigilit.eu\/educodeproject\/wp-content\/uploads\/2025\/01\/image-27-300x169.png 300w, https:\/\/www.edigilit.eu\/educodeproject\/wp-content\/uploads\/2025\/01\/image-27-768x432.png 768w\" sizes=\"auto, (max-width: 945px) 100vw, 945px\" \/><\/figure>\n\n\n\n<figure class=\"wp-block-image size-full\"><img loading=\"lazy\" decoding=\"async\" width=\"945\" height=\"532\" src=\"https:\/\/www.edigilit.eu\/educodeproject\/wp-content\/uploads\/2025\/01\/image-28.png\" alt=\"\" class=\"wp-image-223\" srcset=\"https:\/\/www.edigilit.eu\/educodeproject\/wp-content\/uploads\/2025\/01\/image-28.png 945w, https:\/\/www.edigilit.eu\/educodeproject\/wp-content\/uploads\/2025\/01\/image-28-300x169.png 300w, https:\/\/www.edigilit.eu\/educodeproject\/wp-content\/uploads\/2025\/01\/image-28-768x432.png 768w\" sizes=\"auto, (max-width: 945px) 100vw, 945px\" \/><\/figure>\n\n\n\n<p><strong>3 &#8211; Erasmus students and academics\u2019 visiting<\/strong><\/p>\n\n\n\n<p>Ercan AKPINAR gave information about the Educode project to Dutch Erasmus students and academics who visited Buca Faculty of Education, \u0130zmir, Turkey.<\/p>\n\n\n\n<figure class=\"wp-block-image size-full\"><img loading=\"lazy\" decoding=\"async\" width=\"945\" height=\"252\" src=\"https:\/\/www.edigilit.eu\/educodeproject\/wp-content\/uploads\/2025\/01\/image-29.png\" alt=\"\" class=\"wp-image-224\" srcset=\"https:\/\/www.edigilit.eu\/educodeproject\/wp-content\/uploads\/2025\/01\/image-29.png 945w, https:\/\/www.edigilit.eu\/educodeproject\/wp-content\/uploads\/2025\/01\/image-29-300x80.png 300w, https:\/\/www.edigilit.eu\/educodeproject\/wp-content\/uploads\/2025\/01\/image-29-768x205.png 768w\" sizes=\"auto, (max-width: 945px) 100vw, 945px\" \/><\/figure>\n\n\n\n<p><strong>4 &#8211; &#8220;Bilgisayar ve \u00d6\u011fretim Teknolojileri \u00d6\u011frenci Kurultay\u0131&#8221;<\/strong><\/p>\n\n\n\n<p>Bahar BARAN, informed ICT teacher candidates about EDUCODE in April 27, 2019 as a part of ICT student meeting of Computer and Instructional Technologies Student Congress&nbsp; in Turkey<\/p>\n\n\n\n<p>Presenter: Bahar Baran<\/p>\n\n\n\n<figure class=\"wp-block-image size-full\"><img loading=\"lazy\" decoding=\"async\" width=\"945\" height=\"648\" src=\"https:\/\/www.edigilit.eu\/educodeproject\/wp-content\/uploads\/2025\/01\/image-30.png\" alt=\"\" class=\"wp-image-225\" srcset=\"https:\/\/www.edigilit.eu\/educodeproject\/wp-content\/uploads\/2025\/01\/image-30.png 945w, https:\/\/www.edigilit.eu\/educodeproject\/wp-content\/uploads\/2025\/01\/image-30-300x206.png 300w, https:\/\/www.edigilit.eu\/educodeproject\/wp-content\/uploads\/2025\/01\/image-30-768x527.png 768w\" sizes=\"auto, (max-width: 945px) 100vw, 945px\" \/><\/figure>\n\n\n\n<figure class=\"wp-block-image size-full\"><img loading=\"lazy\" decoding=\"async\" width=\"945\" height=\"532\" src=\"https:\/\/www.edigilit.eu\/educodeproject\/wp-content\/uploads\/2025\/01\/image-31.png\" alt=\"\" class=\"wp-image-226\" srcset=\"https:\/\/www.edigilit.eu\/educodeproject\/wp-content\/uploads\/2025\/01\/image-31.png 945w, https:\/\/www.edigilit.eu\/educodeproject\/wp-content\/uploads\/2025\/01\/image-31-300x169.png 300w, https:\/\/www.edigilit.eu\/educodeproject\/wp-content\/uploads\/2025\/01\/image-31-768x432.png 768w\" sizes=\"auto, (max-width: 945px) 100vw, 945px\" \/><\/figure>\n\n\n\n<figure class=\"wp-block-image size-full\"><img loading=\"lazy\" decoding=\"async\" width=\"945\" height=\"709\" src=\"https:\/\/www.edigilit.eu\/educodeproject\/wp-content\/uploads\/2025\/01\/image-32.png\" alt=\"\" class=\"wp-image-227\" srcset=\"https:\/\/www.edigilit.eu\/educodeproject\/wp-content\/uploads\/2025\/01\/image-32.png 945w, https:\/\/www.edigilit.eu\/educodeproject\/wp-content\/uploads\/2025\/01\/image-32-300x225.png 300w, https:\/\/www.edigilit.eu\/educodeproject\/wp-content\/uploads\/2025\/01\/image-32-768x576.png 768w\" sizes=\"auto, (max-width: 945px) 100vw, 945px\" \/><\/figure>\n\n\n\n<p><strong>5 &#8211; &#8220;1st International Science, Education, Art &amp; Technology Symposium &#8220;<\/strong><\/p>\n\n\n\n<p>Bahar BARAN presented&nbsp; \u201cPractitioners\u2019 Handbook\u201d in UBEST (http:\/\/ubest.deu.edu.tr\/)&nbsp; in May 02-04, 2019. Baran, B., Arslan, K. Akp\u0131nar, E., Pesek, I., Kermek, D., Hajdin, G. Hoyne, S., Krasna, M. &amp; Oreski, P. (2019, May). Practitioners\u2019 Handbook for Developing ICT Teacher Candidates\u2019 Pedagogical Skills about Teaching Coding to Children&#8221;, 1st International Science, Education, Art &amp; Technology Symposium, \u0130zmir-Turkey<\/p>\n\n\n\n<p>Presenter: Bahar Baran<\/p>\n\n\n\n<figure class=\"wp-block-image size-full\"><img loading=\"lazy\" decoding=\"async\" width=\"945\" height=\"709\" src=\"https:\/\/www.edigilit.eu\/educodeproject\/wp-content\/uploads\/2025\/01\/image-33.png\" alt=\"\" class=\"wp-image-228\" srcset=\"https:\/\/www.edigilit.eu\/educodeproject\/wp-content\/uploads\/2025\/01\/image-33.png 945w, https:\/\/www.edigilit.eu\/educodeproject\/wp-content\/uploads\/2025\/01\/image-33-300x225.png 300w, https:\/\/www.edigilit.eu\/educodeproject\/wp-content\/uploads\/2025\/01\/image-33-768x576.png 768w\" sizes=\"auto, (max-width: 945px) 100vw, 945px\" \/><\/figure>\n\n\n\n<p><strong>6 &#8211; &#8220;Entrepreneur Teacher Training- E-STEM&#8221;<\/strong><\/p>\n\n\n\n<p>Ercan AKPINAR presented the aim of the project and the contributions of the project to E-STEM studies in a workshop, which included 30 science and technology teachers and over 10 academicians from various fields in July 3, 2019. This workshop is a part of a larger project supported by a special project call of The Scientific and Technological Research Council of Turkey.&nbsp;<\/p>\n\n\n\n<figure class=\"wp-block-image size-full\"><img loading=\"lazy\" decoding=\"async\" width=\"945\" height=\"532\" src=\"https:\/\/www.edigilit.eu\/educodeproject\/wp-content\/uploads\/2025\/01\/image-34.png\" alt=\"\" class=\"wp-image-229\" srcset=\"https:\/\/www.edigilit.eu\/educodeproject\/wp-content\/uploads\/2025\/01\/image-34.png 945w, https:\/\/www.edigilit.eu\/educodeproject\/wp-content\/uploads\/2025\/01\/image-34-300x169.png 300w, https:\/\/www.edigilit.eu\/educodeproject\/wp-content\/uploads\/2025\/01\/image-34-768x432.png 768w\" sizes=\"auto, (max-width: 945px) 100vw, 945px\" \/><\/figure>\n\n\n\n<figure class=\"wp-block-image size-full\"><img loading=\"lazy\" decoding=\"async\" width=\"945\" height=\"532\" src=\"https:\/\/www.edigilit.eu\/educodeproject\/wp-content\/uploads\/2025\/01\/image-35.png\" alt=\"\" class=\"wp-image-230\" srcset=\"https:\/\/www.edigilit.eu\/educodeproject\/wp-content\/uploads\/2025\/01\/image-35.png 945w, https:\/\/www.edigilit.eu\/educodeproject\/wp-content\/uploads\/2025\/01\/image-35-300x169.png 300w, https:\/\/www.edigilit.eu\/educodeproject\/wp-content\/uploads\/2025\/01\/image-35-768x432.png 768w\" sizes=\"auto, (max-width: 945px) 100vw, 945px\" \/><\/figure>\n\n\n\n<figure class=\"wp-block-image size-full\"><img loading=\"lazy\" decoding=\"async\" width=\"945\" height=\"532\" src=\"https:\/\/www.edigilit.eu\/educodeproject\/wp-content\/uploads\/2025\/01\/image-36.png\" alt=\"\" class=\"wp-image-231\" srcset=\"https:\/\/www.edigilit.eu\/educodeproject\/wp-content\/uploads\/2025\/01\/image-36.png 945w, https:\/\/www.edigilit.eu\/educodeproject\/wp-content\/uploads\/2025\/01\/image-36-300x169.png 300w, https:\/\/www.edigilit.eu\/educodeproject\/wp-content\/uploads\/2025\/01\/image-36-768x432.png 768w\" sizes=\"auto, (max-width: 945px) 100vw, 945px\" \/><\/figure>\n\n\n\n<figure class=\"wp-block-image size-full\"><img loading=\"lazy\" decoding=\"async\" width=\"945\" height=\"709\" src=\"https:\/\/www.edigilit.eu\/educodeproject\/wp-content\/uploads\/2025\/01\/image-37.png\" alt=\"\" class=\"wp-image-232\" srcset=\"https:\/\/www.edigilit.eu\/educodeproject\/wp-content\/uploads\/2025\/01\/image-37.png 945w, https:\/\/www.edigilit.eu\/educodeproject\/wp-content\/uploads\/2025\/01\/image-37-300x225.png 300w, https:\/\/www.edigilit.eu\/educodeproject\/wp-content\/uploads\/2025\/01\/image-37-768x576.png 768w\" sizes=\"auto, (max-width: 945px) 100vw, 945px\" \/><\/figure>\n\n\n\n<p><strong>7 &#8211; &#8220;2nd International Instructional Technologies in Engineering Education Conference&#8221;<\/strong><\/p>\n\n\n\n<p>K\u00fcr\u015fat Arslan made a presentation on&nbsp; How to Teach Coding: An example of Educode Project at&nbsp; 2<sup>nd<\/sup>&nbsp;International Instructional Technologies in Engineering Education Conference (2nd IITEEC 2019) &#8221; organizde by Ege University between September, 12-13, 2019, \u0130zmir, (http:\/\/iitee.org\/)<\/p>\n\n\n\n<p>Presenter: K\u00fcr\u015fat Arslan<\/p>\n\n\n\n<figure class=\"wp-block-image size-full\"><img loading=\"lazy\" decoding=\"async\" width=\"945\" height=\"532\" src=\"https:\/\/www.edigilit.eu\/educodeproject\/wp-content\/uploads\/2025\/01\/image-38.png\" alt=\"\" class=\"wp-image-233\" srcset=\"https:\/\/www.edigilit.eu\/educodeproject\/wp-content\/uploads\/2025\/01\/image-38.png 945w, https:\/\/www.edigilit.eu\/educodeproject\/wp-content\/uploads\/2025\/01\/image-38-300x169.png 300w, https:\/\/www.edigilit.eu\/educodeproject\/wp-content\/uploads\/2025\/01\/image-38-768x432.png 768w\" sizes=\"auto, (max-width: 945px) 100vw, 945px\" \/><\/figure>\n\n\n\n<figure class=\"wp-block-image size-full\"><img loading=\"lazy\" decoding=\"async\" width=\"945\" height=\"532\" src=\"https:\/\/www.edigilit.eu\/educodeproject\/wp-content\/uploads\/2025\/01\/image-39.png\" alt=\"\" class=\"wp-image-234\" srcset=\"https:\/\/www.edigilit.eu\/educodeproject\/wp-content\/uploads\/2025\/01\/image-39.png 945w, https:\/\/www.edigilit.eu\/educodeproject\/wp-content\/uploads\/2025\/01\/image-39-300x169.png 300w, https:\/\/www.edigilit.eu\/educodeproject\/wp-content\/uploads\/2025\/01\/image-39-768x432.png 768w\" sizes=\"auto, (max-width: 945px) 100vw, 945px\" \/><\/figure>\n\n\n\n<p><strong>8 &#8211; &#8220;4th International Symposium of Turkish Computer and Mathematics Education&#8221;<\/strong><\/p>\n\n\n\n<p>Assoc. Dr. Dr. Bahar Baran, Dr.K\u00fcr\u015fat Arslan and Dr. Prof. Ercan Akp\u0131nar made a presentation titled \u201cErasmus + KA203 Strategic Partnerships in Higher Education Project: Developing Coding Teaching Competencies of ICT \/ STEM Teacher Candidates&#8221; in 4<sup>th<\/sup>&nbsp;International &nbsp;<a href=\"http:\/\/www.bilmat.org\/turkbilmat2019\/?s=0#duyuru13\">Symposium<\/a>&nbsp;of Turkish Computer and Mathematics Education which organizde by&nbsp;<a href=\"http:\/\/tmed.org.tr\/\">Turkish Mathematics Education Association<\/a>&nbsp;&nbsp;and other partners in \u0130zmir, Turkey between September, 26-28, 2019 ,<a href=\"http:\/\/www.bilmat.org\/turkbilmat2019\/?s=0\">http:\/\/www.bilmat.org\/turkbilmat2019\/?s=0<\/a><\/p>\n\n\n\n<p>Presenter: Bahar Baran, K\u00fcr\u015fat Arslan, ve Ercan Akp\u0131nar<\/p>\n\n\n\n<figure class=\"wp-block-image size-full\"><img loading=\"lazy\" decoding=\"async\" width=\"945\" height=\"532\" src=\"https:\/\/www.edigilit.eu\/educodeproject\/wp-content\/uploads\/2025\/01\/image-40.png\" alt=\"\" class=\"wp-image-235\" srcset=\"https:\/\/www.edigilit.eu\/educodeproject\/wp-content\/uploads\/2025\/01\/image-40.png 945w, https:\/\/www.edigilit.eu\/educodeproject\/wp-content\/uploads\/2025\/01\/image-40-300x169.png 300w, https:\/\/www.edigilit.eu\/educodeproject\/wp-content\/uploads\/2025\/01\/image-40-768x432.png 768w\" sizes=\"auto, (max-width: 945px) 100vw, 945px\" \/><\/figure>\n\n\n\n<figure class=\"wp-block-image size-full\"><img loading=\"lazy\" decoding=\"async\" width=\"945\" height=\"532\" src=\"https:\/\/www.edigilit.eu\/educodeproject\/wp-content\/uploads\/2025\/01\/image-41.png\" alt=\"\" class=\"wp-image-236\" srcset=\"https:\/\/www.edigilit.eu\/educodeproject\/wp-content\/uploads\/2025\/01\/image-41.png 945w, https:\/\/www.edigilit.eu\/educodeproject\/wp-content\/uploads\/2025\/01\/image-41-300x169.png 300w, https:\/\/www.edigilit.eu\/educodeproject\/wp-content\/uploads\/2025\/01\/image-41-768x432.png 768w\" sizes=\"auto, (max-width: 945px) 100vw, 945px\" \/><\/figure>\n\n\n\n<p><strong>9 &#8211; &#8220;DEUV\u0130ZYON&#8221;<\/strong><\/p>\n\n\n\n<p>The one-page information about the Educode project was given in September 2019 edition of the Vision magazine, which was published by Dokuz Eyl\u00fcl University and sent to all departments. This magazine was delivered to all academic, administrative staff and students of the Dokuz Eyl\u00fcl University in \u0130zmir-Turkey<\/p>\n\n\n\n<figure class=\"wp-block-image size-large\"><img loading=\"lazy\" decoding=\"async\" width=\"740\" height=\"1024\" src=\"https:\/\/www.edigilit.eu\/educodeproject\/wp-content\/uploads\/2025\/01\/image-42-740x1024.png\" alt=\"\" class=\"wp-image-237\" srcset=\"https:\/\/www.edigilit.eu\/educodeproject\/wp-content\/uploads\/2025\/01\/image-42-740x1024.png 740w, https:\/\/www.edigilit.eu\/educodeproject\/wp-content\/uploads\/2025\/01\/image-42-217x300.png 217w, https:\/\/www.edigilit.eu\/educodeproject\/wp-content\/uploads\/2025\/01\/image-42-768x1063.png 768w, https:\/\/www.edigilit.eu\/educodeproject\/wp-content\/uploads\/2025\/01\/image-42.png 945w\" sizes=\"auto, (max-width: 740px) 100vw, 740px\" \/><\/figure>\n\n\n\n\n\n<p><\/p>\n","protected":false},"excerpt":{"rendered":"<p>Bro\u0161ura Projekta E-bilten EDTECH Conference Igor Pesek , introduced the Training Need Analysis in EDTECH, in IRELAND in May 31, June 1, 2018. (http:\/\/programme.exordo.com\/edtech2018\/) Presenter: Igor Pesek 1 &#8211; First International Science and Education Congress Ercan AKPINAR gave information about the Educode project to the 45 participants in \u201cInternational Science and Education Congress&#8221; organized by [&hellip;]<\/p>\n","protected":false},"author":1,"featured_media":0,"comment_status":"open","ping_status":"open","sticky":false,"template":"","format":"standard","meta":{"footnotes":""},"categories":[11],"tags":[],"class_list":["post-242","post","type-post","status-publish","format-standard","hentry","category-uncategorized-sl"],"_links":{"self":[{"href":"https:\/\/www.edigilit.eu\/educodeproject\/wp-json\/wp\/v2\/posts\/242","targetHints":{"allow":["GET"]}}],"collection":[{"href":"https:\/\/www.edigilit.eu\/educodeproject\/wp-json\/wp\/v2\/posts"}],"about":[{"href":"https:\/\/www.edigilit.eu\/educodeproject\/wp-json\/wp\/v2\/types\/post"}],"author":[{"embeddable":true,"href":"https:\/\/www.edigilit.eu\/educodeproject\/wp-json\/wp\/v2\/users\/1"}],"replies":[{"embeddable":true,"href":"https:\/\/www.edigilit.eu\/educodeproject\/wp-json\/wp\/v2\/comments?post=242"}],"version-history":[{"count":1,"href":"https:\/\/www.edigilit.eu\/educodeproject\/wp-json\/wp\/v2\/posts\/242\/revisions"}],"predecessor-version":[{"id":271,"href":"https:\/\/www.edigilit.eu\/educodeproject\/wp-json\/wp\/v2\/posts\/242\/revisions\/271"}],"wp:attachment":[{"href":"https:\/\/www.edigilit.eu\/educodeproject\/wp-json\/wp\/v2\/media?parent=242"}],"wp:term":[{"taxonomy":"category","embeddable":true,"href":"https:\/\/www.edigilit.eu\/educodeproject\/wp-json\/wp\/v2\/categories?post=242"},{"taxonomy":"post_tag","embeddable":true,"href":"https:\/\/www.edigilit.eu\/educodeproject\/wp-json\/wp\/v2\/tags?post=242"}],"curies":[{"name":"wp","href":"https:\/\/api.w.org\/{rel}","templated":true}]}}